{"id":1377,"date":"2025-07-01T11:31:22","date_gmt":"2025-07-01T11:31:22","guid":{"rendered":"https:\/\/loghouse.com.br\/blog\/executivos-se-reunem-em-sao-paulo-para-a-16a-edicao-do-forum-e-commerce-brasil\/"},"modified":"2025-07-01T11:33:13","modified_gmt":"2025-07-01T11:33:13","slug":"executivos-se-reunem-em-sao-paulo-para-a-16a-edicao-do-forum-e-commerce-brasil","status":"publish","type":"post","link":"https:\/\/loghouse.com.br\/blog\/executivos-se-reunem-em-sao-paulo-para-a-16a-edicao-do-forum-e-commerce-brasil\/","title":{"rendered":"Executivos se re\u00fanem em S\u00e3o Paulo para a 16\u00aa edi\u00e7\u00e3o do F\u00f3rum E-Commerce Brasil"},"content":{"rendered":"<p>Em um movimento que refor\u00e7a a import\u00e2ncia crescente do setor de e-commerce no Brasil, executivos e conselheiros de grandes empresas se reuniram em S\u00e3o Paulo para dar in\u00edcio \u00e0 16\u00aa edi\u00e7\u00e3o do F\u00f3rum E-Commerce Brasil. Este evento \u00e9 um marco para os players da ind\u00fastria digital e re\u00fane l\u00edderes de mercado para discutir as \u00faltimas tend\u00eancias, inova\u00e7\u00f5es e estrat\u00e9gias em com\u00e9rcio eletr\u00f4nico.<\/p>\n<p>O F\u00f3rum E-Commerce Brasil \u00e9 conhecido por seu papel vital em conectar empresas e especialistas, criando um espa\u00e7o onde conhecimento e experi\u00eancia podem ser compartilhados. A troca de insights entre os l\u00edderes e a comunidade de e-commerce \u00e9 uma parte essencial da evolu\u00e7\u00e3o cont\u00ednua do setor. Com pain\u00e9is de discuss\u00e3o, workshops e apresenta\u00e7\u00f5es de cases de sucesso, o evento fornece uma plataforma para inspira\u00e7\u00e3o e experi\u00eancias pr\u00e1ticas que podem ser aplicadas no cotidiano das empresas participantes.<\/p>\n<p>Os temas discutidos neste ano variam de estrat\u00e9gias de marketing digital e investimentos em tecnologia at\u00e9 a log\u00edstica e a experi\u00eancia do consumidor. Com a crescente competitividade no mercado, \u00e9 crucial que as empresas permane\u00e7am atualizadas sobre as novas demandas e prefer\u00eancias dos consumidores, e o F\u00f3rum se prop\u00f5e a ser o guia para essa jornada.<\/p>\n<p>A colabora\u00e7\u00e3o e a inova\u00e7\u00e3o s\u00e3o elementos-chave que ser\u00e3o explorados durante o F\u00f3rum, com panelistas trazendo diferentes perspectivas sobre como os neg\u00f3cios na era digital est\u00e3o sendo moldados. Especialistas do setor tamb\u00e9m discutir\u00e3o o impacto das novas tecnologias na log\u00edstica, que \u00e9 uma das \u00e1reas mais cr\u00edticas para o sucesso do e-commerce. Dentre os t\u00f3picos de discuss\u00e3o, a necessidade de moderniza\u00e7\u00e3o das opera\u00e7\u00f5es log\u00edsticas e o papel das tecnologias emergentes em otimizar a entrega foram destacados.<\/p>\n<p>Esse ano, o F\u00f3rum tamb\u00e9m promove um espa\u00e7o para networking, permitindo que os executivos se conectem, troquem contatos e formem alian\u00e7as estrat\u00e9gicas que podem resultar em parcerias comerciais frut\u00edferas. O ambiente prop\u00edcio para o di\u00e1logo entre l\u00edderes e especialistas do setor \u00e9 visto como uma oportunidade n\u00e3o s\u00f3 para aprendizado, mas tamb\u00e9m para criar novas oportunidades de neg\u00f3cios.<\/p>\n<p>\u00c0 medida que o com\u00e9rcio eletr\u00f4nico continua a expandir e evoluir, eventos como o F\u00f3rum E-Commerce Brasil s\u00e3o cruciais n\u00e3o apenas para o crescimento dos neg\u00f3cios, mas tamb\u00e9m para a educa\u00e7\u00e3o do setor como um todo. A troca de ideias e experi\u00eancias \u00e9 fundamental para que as empresas possam se adaptar e prosperar diante de tantas mudan\u00e7as no cen\u00e1rio econ\u00f4mico e tecnol\u00f3gico.<\/p>\n<p>O F\u00f3rum E-Commerce Brasil, portanto, se apresenta como uma oportunidade \u00fanica de atualiza\u00e7\u00e3o e aprendizado cont\u00ednuo, ajudando as empresas a encontrarem novos caminhos e se adaptarem para criar um futuro mais pr\u00f3spero.<\/p>\n","protected":false},"excerpt":{"rendered":"<p>Em um movimento que refor\u00e7a a import\u00e2ncia crescente do setor de e-commerce no Brasil, executivos e conselheiros de grandes empresas&hellip; <a class=\"read-more\" href=\"https:\/\/loghouse.com.br\/blog\/executivos-se-reunem-em-sao-paulo-para-a-16a-edicao-do-forum-e-commerce-brasil\/\">Continue lendo<\/a><\/p>\n","protected":false},"author":1,"featured_media":1382,"comment_status":"closed","ping_status":"open","sticky":false,"template":"","format":"standard","meta":{"footnotes":""},"categories":[25],"tags":[],"class_list":["post-1377","post","type-post","status-publish","format-standard","has-post-thumbnail","hentry","category-news"],"yoast_head":"<!-- This site is optimized with the Yoast SEO plugin v26.7 - https:\/\/yoast.com\/wordpress\/plugins\/seo\/ -->\n<title>Executivos se re\u00fanem em S\u00e3o Paulo para a 16\u00aa edi\u00e7\u00e3o do F\u00f3rum E-Commerce Brasil - LogHouse<\/title>\n<meta name=\"robots\" content=\"index, follow, max-snippet:-1, max-image-preview:large, max-video-preview:-1\" \/>\n<link rel=\"canonical\" href=\"https:\/\/loghouse.com.br\/blog\/executivos-se-reunem-em-sao-paulo-para-a-16a-edicao-do-forum-e-commerce-brasil\/\" \/>\n<meta property=\"og:locale\" content=\"pt_BR\" \/>\n<meta property=\"og:type\" content=\"article\" \/>\n<meta property=\"og:title\" content=\"Executivos se re\u00fanem em S\u00e3o Paulo para a 16\u00aa edi\u00e7\u00e3o do F\u00f3rum E-Commerce Brasil - LogHouse\" \/>\n<meta property=\"og:description\" content=\"Em um movimento que refor\u00e7a a import\u00e2ncia crescente do setor de e-commerce no Brasil, executivos e conselheiros de grandes empresas&hellip; Continue lendo\" \/>\n<meta property=\"og:url\" content=\"https:\/\/loghouse.com.br\/blog\/executivos-se-reunem-em-sao-paulo-para-a-16a-edicao-do-forum-e-commerce-brasil\/\" \/>\n<meta property=\"og:site_name\" content=\"LogHouse\" \/>\n<meta property=\"article:publisher\" content=\"https:\/\/www.instagram.com\/loghouse_logistica\/\" \/>\n<meta property=\"article:published_time\" content=\"2025-07-01T11:31:22+00:00\" \/>\n<meta property=\"article:modified_time\" content=\"2025-07-01T11:33:13+00:00\" \/>\n<meta name=\"author\" content=\"Diogo Santos\" \/>\n<meta name=\"twitter:card\" content=\"summary_large_image\" \/>\n<meta name=\"twitter:label1\" content=\"Escrito por\" \/>\n\t<meta name=\"twitter:data1\" content=\"Diogo Santos\" \/>\n\t<meta name=\"twitter:label2\" content=\"Est. tempo de leitura\" \/>\n\t<meta name=\"twitter:data2\" content=\"2 minutos\" \/>\n<script type=\"application\/ld+json\" class=\"yoast-schema-graph\">{\"@context\":\"https:\/\/schema.org\",\"@graph\":[{\"@type\":\"Article\",\"@id\":\"https:\/\/loghouse.com.br\/blog\/executivos-se-reunem-em-sao-paulo-para-a-16a-edicao-do-forum-e-commerce-brasil\/#article\",\"isPartOf\":{\"@id\":\"https:\/\/loghouse.com.br\/blog\/executivos-se-reunem-em-sao-paulo-para-a-16a-edicao-do-forum-e-commerce-brasil\/\"},\"author\":{\"name\":\"Diogo Santos\",\"@id\":\"https:\/\/loghouse.com.br\/blog\/#\/schema\/person\/75c507cbe16bacc6b575c5e773564b33\"},\"headline\":\"Executivos se re\u00fanem em S\u00e3o Paulo para a 16\u00aa edi\u00e7\u00e3o do F\u00f3rum E-Commerce Brasil\",\"datePublished\":\"2025-07-01T11:31:22+00:00\",\"dateModified\":\"2025-07-01T11:33:13+00:00\",\"mainEntityOfPage\":{\"@id\":\"https:\/\/loghouse.com.br\/blog\/executivos-se-reunem-em-sao-paulo-para-a-16a-edicao-do-forum-e-commerce-brasil\/\"},\"wordCount\":507,\"publisher\":{\"@id\":\"https:\/\/loghouse.com.br\/blog\/#organization\"},\"image\":{\"@id\":\"https:\/\/loghouse.com.br\/blog\/executivos-se-reunem-em-sao-paulo-para-a-16a-edicao-do-forum-e-commerce-brasil\/#primaryimage\"},\"thumbnailUrl\":\"https:\/\/loghouse.com.br\/blog\/wp-content\/uploads\/2025\/07\/logmedia-httpsimages.pexels.comphotos39284macbook-apple-imac-computer-39284-scaled.jpeg\",\"articleSection\":[\"News\"],\"inLanguage\":\"pt-BR\"},{\"@type\":\"WebPage\",\"@id\":\"https:\/\/loghouse.com.br\/blog\/executivos-se-reunem-em-sao-paulo-para-a-16a-edicao-do-forum-e-commerce-brasil\/\",\"url\":\"https:\/\/loghouse.com.br\/blog\/executivos-se-reunem-em-sao-paulo-para-a-16a-edicao-do-forum-e-commerce-brasil\/\",\"name\":\"Executivos se re\u00fanem em S\u00e3o Paulo para a 16\u00aa edi\u00e7\u00e3o do F\u00f3rum E-Commerce Brasil - LogHouse\",\"isPartOf\":{\"@id\":\"https:\/\/loghouse.com.br\/blog\/#website\"},\"primaryImageOfPage\":{\"@id\":\"https:\/\/loghouse.com.br\/blog\/executivos-se-reunem-em-sao-paulo-para-a-16a-edicao-do-forum-e-commerce-brasil\/#primaryimage\"},\"image\":{\"@id\":\"https:\/\/loghouse.com.br\/blog\/executivos-se-reunem-em-sao-paulo-para-a-16a-edicao-do-forum-e-commerce-brasil\/#primaryimage\"},\"thumbnailUrl\":\"https:\/\/loghouse.com.br\/blog\/wp-content\/uploads\/2025\/07\/logmedia-httpsimages.pexels.comphotos39284macbook-apple-imac-computer-39284-scaled.jpeg\",\"datePublished\":\"2025-07-01T11:31:22+00:00\",\"dateModified\":\"2025-07-01T11:33:13+00:00\",\"breadcrumb\":{\"@id\":\"https:\/\/loghouse.com.br\/blog\/executivos-se-reunem-em-sao-paulo-para-a-16a-edicao-do-forum-e-commerce-brasil\/#breadcrumb\"},\"inLanguage\":\"pt-BR\",\"potentialAction\":[{\"@type\":\"ReadAction\",\"target\":[\"https:\/\/loghouse.com.br\/blog\/executivos-se-reunem-em-sao-paulo-para-a-16a-edicao-do-forum-e-commerce-brasil\/\"]}]},{\"@type\":\"ImageObject\",\"inLanguage\":\"pt-BR\",\"@id\":\"https:\/\/loghouse.com.br\/blog\/executivos-se-reunem-em-sao-paulo-para-a-16a-edicao-do-forum-e-commerce-brasil\/#primaryimage\",\"url\":\"https:\/\/loghouse.com.br\/blog\/wp-content\/uploads\/2025\/07\/logmedia-httpsimages.pexels.comphotos39284macbook-apple-imac-computer-39284-scaled.jpeg\",\"contentUrl\":\"https:\/\/loghouse.com.br\/blog\/wp-content\/uploads\/2025\/07\/logmedia-httpsimages.pexels.comphotos39284macbook-apple-imac-computer-39284-scaled.jpeg\",\"width\":2560,\"height\":1700},{\"@type\":\"BreadcrumbList\",\"@id\":\"https:\/\/loghouse.com.br\/blog\/executivos-se-reunem-em-sao-paulo-para-a-16a-edicao-do-forum-e-commerce-brasil\/#breadcrumb\",\"itemListElement\":[{\"@type\":\"ListItem\",\"position\":1,\"name\":\"In\u00edcio\",\"item\":\"https:\/\/loghouse.com.br\/blog\/\"},{\"@type\":\"ListItem\",\"position\":2,\"name\":\"Executivos se re\u00fanem em S\u00e3o Paulo para a 16\u00aa edi\u00e7\u00e3o do F\u00f3rum E-Commerce Brasil\"}]},{\"@type\":\"WebSite\",\"@id\":\"https:\/\/loghouse.com.br\/blog\/#website\",\"url\":\"https:\/\/loghouse.com.br\/blog\/\",\"name\":\"LogHouse\",\"description\":\"Empresa de Fulfillment em S&atilde;o Paulo | Log&iacute;stica para E-commerce\",\"publisher\":{\"@id\":\"https:\/\/loghouse.com.br\/blog\/#organization\"},\"potentialAction\":[{\"@type\":\"SearchAction\",\"target\":{\"@type\":\"EntryPoint\",\"urlTemplate\":\"https:\/\/loghouse.com.br\/blog\/?s={search_term_string}\"},\"query-input\":{\"@type\":\"PropertyValueSpecification\",\"valueRequired\":true,\"valueName\":\"search_term_string\"}}],\"inLanguage\":\"pt-BR\"},{\"@type\":\"Organization\",\"@id\":\"https:\/\/loghouse.com.br\/blog\/#organization\",\"name\":\"LogHouse\",\"url\":\"https:\/\/loghouse.com.br\/blog\/\",\"logo\":{\"@type\":\"ImageObject\",\"inLanguage\":\"pt-BR\",\"@id\":\"https:\/\/loghouse.com.br\/blog\/#\/schema\/logo\/image\/\",\"url\":\"https:\/\/loghouse.com.br\/blog\/wp-content\/uploads\/2024\/05\/cropped-Logo.jpg\",\"contentUrl\":\"https:\/\/loghouse.com.br\/blog\/wp-content\/uploads\/2024\/05\/cropped-Logo.jpg\",\"width\":200,\"height\":113,\"caption\":\"LogHouse\"},\"image\":{\"@id\":\"https:\/\/loghouse.com.br\/blog\/#\/schema\/logo\/image\/\"},\"sameAs\":[\"https:\/\/www.instagram.com\/loghouse_logistica\/\",\"https:\/\/www.instagram.com\/loghouse_logistica\"]},{\"@type\":\"Person\",\"@id\":\"https:\/\/loghouse.com.br\/blog\/#\/schema\/person\/75c507cbe16bacc6b575c5e773564b33\",\"name\":\"Diogo Santos\",\"image\":{\"@type\":\"ImageObject\",\"inLanguage\":\"pt-BR\",\"@id\":\"https:\/\/loghouse.com.br\/blog\/#\/schema\/person\/image\/\",\"url\":\"https:\/\/secure.gravatar.com\/avatar\/3058a33920ab1b8dec397e6d8bc6477ba2ec08e700be83e2620b02f872ee84d5?s=96&d=mm&r=g\",\"contentUrl\":\"https:\/\/secure.gravatar.com\/avatar\/3058a33920ab1b8dec397e6d8bc6477ba2ec08e700be83e2620b02f872ee84d5?s=96&d=mm&r=g\",\"caption\":\"Diogo Santos\"},\"description\":\"CEO da Loghouse\",\"sameAs\":[\"http:\/\/loghouse.com.br\/blog\",\"https:\/\/www.linkedin.com\/in\/diogosantos1986\/\"],\"url\":\"https:\/\/loghouse.com.br\/blog\/author\/admin\/\"}]}<\/script>\n<!-- \/ Yoast SEO plugin. -->","yoast_head_json":{"title":"Executivos se re\u00fanem em S\u00e3o Paulo para a 16\u00aa edi\u00e7\u00e3o do F\u00f3rum E-Commerce Brasil - LogHouse","robots":{"index":"index","follow":"follow","max-snippet":"max-snippet:-1","max-image-preview":"max-image-preview:large","max-video-preview":"max-video-preview:-1"},"canonical":"https:\/\/loghouse.com.br\/blog\/executivos-se-reunem-em-sao-paulo-para-a-16a-edicao-do-forum-e-commerce-brasil\/","og_locale":"pt_BR","og_type":"article","og_title":"Executivos se re\u00fanem em S\u00e3o Paulo para a 16\u00aa edi\u00e7\u00e3o do F\u00f3rum E-Commerce Brasil - LogHouse","og_description":"Em um movimento que refor\u00e7a a import\u00e2ncia crescente do setor de e-commerce no Brasil, executivos e conselheiros de grandes empresas&hellip; Continue lendo","og_url":"https:\/\/loghouse.com.br\/blog\/executivos-se-reunem-em-sao-paulo-para-a-16a-edicao-do-forum-e-commerce-brasil\/","og_site_name":"LogHouse","article_publisher":"https:\/\/www.instagram.com\/loghouse_logistica\/","article_published_time":"2025-07-01T11:31:22+00:00","article_modified_time":"2025-07-01T11:33:13+00:00","author":"Diogo Santos","twitter_card":"summary_large_image","twitter_misc":{"Escrito por":"Diogo Santos","Est. tempo de leitura":"2 minutos"},"schema":{"@context":"https:\/\/schema.org","@graph":[{"@type":"Article","@id":"https:\/\/loghouse.com.br\/blog\/executivos-se-reunem-em-sao-paulo-para-a-16a-edicao-do-forum-e-commerce-brasil\/#article","isPartOf":{"@id":"https:\/\/loghouse.com.br\/blog\/executivos-se-reunem-em-sao-paulo-para-a-16a-edicao-do-forum-e-commerce-brasil\/"},"author":{"name":"Diogo Santos","@id":"https:\/\/loghouse.com.br\/blog\/#\/schema\/person\/75c507cbe16bacc6b575c5e773564b33"},"headline":"Executivos se re\u00fanem em S\u00e3o Paulo para a 16\u00aa edi\u00e7\u00e3o do F\u00f3rum E-Commerce Brasil","datePublished":"2025-07-01T11:31:22+00:00","dateModified":"2025-07-01T11:33:13+00:00","mainEntityOfPage":{"@id":"https:\/\/loghouse.com.br\/blog\/executivos-se-reunem-em-sao-paulo-para-a-16a-edicao-do-forum-e-commerce-brasil\/"},"wordCount":507,"publisher":{"@id":"https:\/\/loghouse.com.br\/blog\/#organization"},"image":{"@id":"https:\/\/loghouse.com.br\/blog\/executivos-se-reunem-em-sao-paulo-para-a-16a-edicao-do-forum-e-commerce-brasil\/#primaryimage"},"thumbnailUrl":"https:\/\/loghouse.com.br\/blog\/wp-content\/uploads\/2025\/07\/logmedia-httpsimages.pexels.comphotos39284macbook-apple-imac-computer-39284-scaled.jpeg","articleSection":["News"],"inLanguage":"pt-BR"},{"@type":"WebPage","@id":"https:\/\/loghouse.com.br\/blog\/executivos-se-reunem-em-sao-paulo-para-a-16a-edicao-do-forum-e-commerce-brasil\/","url":"https:\/\/loghouse.com.br\/blog\/executivos-se-reunem-em-sao-paulo-para-a-16a-edicao-do-forum-e-commerce-brasil\/","name":"Executivos se re\u00fanem em S\u00e3o Paulo para a 16\u00aa edi\u00e7\u00e3o do F\u00f3rum E-Commerce Brasil - LogHouse","isPartOf":{"@id":"https:\/\/loghouse.com.br\/blog\/#website"},"primaryImageOfPage":{"@id":"https:\/\/loghouse.com.br\/blog\/executivos-se-reunem-em-sao-paulo-para-a-16a-edicao-do-forum-e-commerce-brasil\/#primaryimage"},"image":{"@id":"https:\/\/loghouse.com.br\/blog\/executivos-se-reunem-em-sao-paulo-para-a-16a-edicao-do-forum-e-commerce-brasil\/#primaryimage"},"thumbnailUrl":"https:\/\/loghouse.com.br\/blog\/wp-content\/uploads\/2025\/07\/logmedia-httpsimages.pexels.comphotos39284macbook-apple-imac-computer-39284-scaled.jpeg","datePublished":"2025-07-01T11:31:22+00:00","dateModified":"2025-07-01T11:33:13+00:00","breadcrumb":{"@id":"https:\/\/loghouse.com.br\/blog\/executivos-se-reunem-em-sao-paulo-para-a-16a-edicao-do-forum-e-commerce-brasil\/#breadcrumb"},"inLanguage":"pt-BR","potentialAction":[{"@type":"ReadAction","target":["https:\/\/loghouse.com.br\/blog\/executivos-se-reunem-em-sao-paulo-para-a-16a-edicao-do-forum-e-commerce-brasil\/"]}]},{"@type":"ImageObject","inLanguage":"pt-BR","@id":"https:\/\/loghouse.com.br\/blog\/executivos-se-reunem-em-sao-paulo-para-a-16a-edicao-do-forum-e-commerce-brasil\/#primaryimage","url":"https:\/\/loghouse.com.br\/blog\/wp-content\/uploads\/2025\/07\/logmedia-httpsimages.pexels.comphotos39284macbook-apple-imac-computer-39284-scaled.jpeg","contentUrl":"https:\/\/loghouse.com.br\/blog\/wp-content\/uploads\/2025\/07\/logmedia-httpsimages.pexels.comphotos39284macbook-apple-imac-computer-39284-scaled.jpeg","width":2560,"height":1700},{"@type":"BreadcrumbList","@id":"https:\/\/loghouse.com.br\/blog\/executivos-se-reunem-em-sao-paulo-para-a-16a-edicao-do-forum-e-commerce-brasil\/#breadcrumb","itemListElement":[{"@type":"ListItem","position":1,"name":"In\u00edcio","item":"https:\/\/loghouse.com.br\/blog\/"},{"@type":"ListItem","position":2,"name":"Executivos se re\u00fanem em S\u00e3o Paulo para a 16\u00aa edi\u00e7\u00e3o do F\u00f3rum E-Commerce Brasil"}]},{"@type":"WebSite","@id":"https:\/\/loghouse.com.br\/blog\/#website","url":"https:\/\/loghouse.com.br\/blog\/","name":"LogHouse","description":"Empresa de Fulfillment em S&atilde;o Paulo | Log&iacute;stica para E-commerce","publisher":{"@id":"https:\/\/loghouse.com.br\/blog\/#organization"},"potentialAction":[{"@type":"SearchAction","target":{"@type":"EntryPoint","urlTemplate":"https:\/\/loghouse.com.br\/blog\/?s={search_term_string}"},"query-input":{"@type":"PropertyValueSpecification","valueRequired":true,"valueName":"search_term_string"}}],"inLanguage":"pt-BR"},{"@type":"Organization","@id":"https:\/\/loghouse.com.br\/blog\/#organization","name":"LogHouse","url":"https:\/\/loghouse.com.br\/blog\/","logo":{"@type":"ImageObject","inLanguage":"pt-BR","@id":"https:\/\/loghouse.com.br\/blog\/#\/schema\/logo\/image\/","url":"https:\/\/loghouse.com.br\/blog\/wp-content\/uploads\/2024\/05\/cropped-Logo.jpg","contentUrl":"https:\/\/loghouse.com.br\/blog\/wp-content\/uploads\/2024\/05\/cropped-Logo.jpg","width":200,"height":113,"caption":"LogHouse"},"image":{"@id":"https:\/\/loghouse.com.br\/blog\/#\/schema\/logo\/image\/"},"sameAs":["https:\/\/www.instagram.com\/loghouse_logistica\/","https:\/\/www.instagram.com\/loghouse_logistica"]},{"@type":"Person","@id":"https:\/\/loghouse.com.br\/blog\/#\/schema\/person\/75c507cbe16bacc6b575c5e773564b33","name":"Diogo Santos","image":{"@type":"ImageObject","inLanguage":"pt-BR","@id":"https:\/\/loghouse.com.br\/blog\/#\/schema\/person\/image\/","url":"https:\/\/secure.gravatar.com\/avatar\/3058a33920ab1b8dec397e6d8bc6477ba2ec08e700be83e2620b02f872ee84d5?s=96&d=mm&r=g","contentUrl":"https:\/\/secure.gravatar.com\/avatar\/3058a33920ab1b8dec397e6d8bc6477ba2ec08e700be83e2620b02f872ee84d5?s=96&d=mm&r=g","caption":"Diogo Santos"},"description":"CEO da Loghouse","sameAs":["http:\/\/loghouse.com.br\/blog","https:\/\/www.linkedin.com\/in\/diogosantos1986\/"],"url":"https:\/\/loghouse.com.br\/blog\/author\/admin\/"}]}},"_links":{"self":[{"href":"https:\/\/loghouse.com.br\/blog\/wp-json\/wp\/v2\/posts\/1377","targetHints":{"allow":["GET"]}}],"collection":[{"href":"https:\/\/loghouse.com.br\/blog\/wp-json\/wp\/v2\/posts"}],"about":[{"href":"https:\/\/loghouse.com.br\/blog\/wp-json\/wp\/v2\/types\/post"}],"author":[{"embeddable":true,"href":"https:\/\/loghouse.com.br\/blog\/wp-json\/wp\/v2\/users\/1"}],"replies":[{"embeddable":true,"href":"https:\/\/loghouse.com.br\/blog\/wp-json\/wp\/v2\/comments?post=1377"}],"version-history":[{"count":1,"href":"https:\/\/loghouse.com.br\/blog\/wp-json\/wp\/v2\/posts\/1377\/revisions"}],"predecessor-version":[{"id":1383,"href":"https:\/\/loghouse.com.br\/blog\/wp-json\/wp\/v2\/posts\/1377\/revisions\/1383"}],"wp:featuredmedia":[{"embeddable":true,"href":"https:\/\/loghouse.com.br\/blog\/wp-json\/wp\/v2\/media\/1382"}],"wp:attachment":[{"href":"https:\/\/loghouse.com.br\/blog\/wp-json\/wp\/v2\/media?parent=1377"}],"wp:term":[{"taxonomy":"category","embeddable":true,"href":"https:\/\/loghouse.com.br\/blog\/wp-json\/wp\/v2\/categories?post=1377"},{"taxonomy":"post_tag","embeddable":true,"href":"https:\/\/loghouse.com.br\/blog\/wp-json\/wp\/v2\/tags?post=1377"}],"curies":[{"name":"wp","href":"https:\/\/api.w.org\/{rel}","templated":true}]}}